{"resposta":{"status":"OK","items":{"num":25,"item":[{"entradeta":"El keny\u00e0 escriu una nova p\u00e0gina en la hist\u00f2ria de l'atletisme, en una prova en qu\u00e8 el segon classificat, Kjelcha, tamb\u00e9 corre per sota de les 2 hores","permatitle":"Sabastian Sawe, primer home que baixa de les 2 hores en Marat\u00f3: 1:59:30 a Londres","avantitol":"Atletisme","tipologia":"NOT_NOTICIA","titol_portada":"Sawe, primer home que baixa de les 2 hores en Marat\u00f3","tematiques":[{"id":"PUE3_ATLETIS","idint":"50439","desc":"Atletisme","main":true}],"agrupacions":[{"id":"AGR_CINCMIN","idint":"56513","desc":"En 3 minuts","main":true}],"mediadestacat":"1","id":3406457,"data_modificacio":"26\/04\/2026 15:10:25","titol":"Sabastian Sawe, primer home que baixa de les 2 hores en Marat\u00f3: 1:59:30 a Londres","data_publicacio":"26\/04\/2026 13:51:47","domini":"PUE3","imatges":[{"text":"https:\/\/img.3cat.cat\/multimedia\/jpg\/4\/4\/1777204321744.jpg","mida":"670x378","alt":"Sabastian Sawe, amb les sabates esportives amb qu\u00e8 ha volat pels carrers de Londres","titol":"Sabastian Sawe, amb les sabates esportives amb qu\u00e8 ha volat pels carrers de Londres","rel_name":"IMAGE"},{"text":"https:\/\/img.3cat.cat\/multimedia\/jpg\/7\/0\/1777204316907.jpg","mida":"326x184","alt":"Sabastian Sawe, amb les sabates esportives amb qu\u00e8 ha volat pels carrers de Londres","titol":"Sabastian Sawe, amb les sabates esportives amb qu\u00e8 ha volat pels carrers de Londres","rel_name":"IMAGE"},{"text":"https:\/\/img.3cat.cat\/multimedia\/jpg\/4\/0\/1777204247304.jpg","mida":"1024x576","alt":"Sabastian Sawe, amb les sabates esportives amb qu\u00e8 ha volat pels carrers de Londres","titol":"Sabastian Sawe, amb les sabates esportives amb qu\u00e8 ha volat pels carrers de Londres","rel_name":"IMAGE"},{"text":"https:\/\/img.3cat.cat\/multimedia\/jpg\/0\/6\/1777204239260.jpg","mida":"670x378","titol":"2026-04-26T105324Z_1115084842_UP1EM4Q0U8YT3_RTRMADP_3_ATHLETICS-LONDON","rel_name":"IMAGE"},{"text":"https:\/\/img.3cat.cat\/multimedia\/jpg\/7\/7\/1777204239177.jpg","mida":"326x184","titol":"2026-04-26T105324Z_1115084842_UP1EM4Q0U8YT3_RTRMADP_3_ATHLETICS-LONDON","rel_name":"IMAGE"},{"text":"https:\/\/img.3cat.cat\/multimedia\/jpg\/2\/7\/1777204241172.jpg","mida":"1024x576","titol":"2026-04-26T105324Z_1115084842_UP1EM4Q0U8YT3_RTRMADP_3_ATHLETICS-LONDON","rel_name":"IMAGE"}]},{"entradeta":"El petit dels M\u00e1rquez s'estrena amb un triomf aquesta temporada, mentre que el Marc ha d'abandonar per una caiguda a la segona volta","permatitle":"\u00c0lex M\u00e1rquez reedita la vict\u00f2ria a Jerez en una cursa per oblidar del seu germ\u00e0","avantitol":"MotoGP","tipologia":"NOT_NOTICIA","titol_portada":"Els germans M\u00e1rquez, cara i creu a Jerez","tematiques":[{"id":"PUE3","idint":"50420","desc":"Esports","main":false},{"id":"PUE3_MOTOGP","idint":"50425","desc":"Motor - Moto GP","main":true},{"id":"PUE3_MOTOR","idint":"50434","desc":"Motor","main":false},{"id":"PUACTUALITAT","idint":"50482","desc":"Actualitat","main":false}],"tags":[{"id":"MARQUEZ","idint":"52344","desc":"Marc M\u00e0rquez","main":true},{"id":"AMARQUEZ","idint":"54498","desc":"\u00c0lex M\u00e1rquez","main":false}],"agrupacions":[{"id":"PUAGR_APPNOT","idint":"52025","desc":"Destacat APP Not\u00edcies","main":true},{"id":"SEOMDP","idint":"56449","desc":"SEO-mdp","main":false},{"id":"AGR_CINCMIN","idint":"56513","desc":"En 3 minuts","main":false}],"mediadestacat":"1","id":3406109,"data_modificacio":"26\/04\/2026 15:36:16","titol":"\u00c0lex M\u00e1rquez reedita la vict\u00f2ria a Jerez en una cursa per oblidar del seu germ\u00e0","data_publicacio":"26\/04\/2026 15:14:21","domini":"PUE3","imatges":[{"text":"https:\/\/img.3cat.cat\/multimedia\/png\/1\/4\/1777209451841.png","mida":"670x378","titol":"\u00c0lex M\u00e1rquez reedita la vict\u00f2ria a Jerez en una cursa per oblidar del seu germ\u00e0","rel_name":"IMAGE"},{"text":"https:\/\/img.3cat.cat\/multimedia\/png\/3\/8\/1777209451783.png","mida":"326x184","titol":"\u00c0lex M\u00e1rquez reedita la vict\u00f2ria a Jerez en una cursa per oblidar del seu germ\u00e0","rel_name":"IMAGE"},{"text":"https:\/\/img.3cat.cat\/multimedia\/png\/6\/6\/1777209451966.png","mida":"1024x576","titol":"\u00c0lex M\u00e1rquez reedita la vict\u00f2ria a Jerez en una cursa per oblidar del seu germ\u00e0","rel_name":"IMAGE"},{"text":"https:\/\/img.3cat.cat\/multimedia\/jpg\/3\/8\/1763304315283.jpg","mida":"670x378","alt":"Sortida de la cursa valenciana","titol":"Sortida de la cursa valenciana","rel_name":"IMAGE"},{"text":"https:\/\/img.3cat.cat\/multimedia\/jpg\/1\/6\/1763304316561.jpg","mida":"326x184","alt":"Sortida de la cursa valenciana","titol":"Sortida de la cursa valenciana","rel_name":"IMAGE"}]},{"entradeta":"Els de Belletti capgiren el partit contra l'Atl\u00e8tic Lleida al temps afegit i els reusencs tomben l'Olot per la m\u00ednima","permatitle":"Ning\u00fa vol vacances: remuntada en 3 minuts del Bar\u00e7a Atl\u00e8tic per mantenir el pols amb el Reus","avantitol":"futbol","tipologia":"NOT_NOTICIA","titol_portada":"Remuntada en 4 minuts del Bar\u00e7a Atl\u00e8tic per mantenir el pols amb el Reus","tematiques":[{"id":"PUE3_FUTBOL","idint":"50426","desc":"Futbol","main":true}],"mediadestacat":"1","id":3406475,"data_modificacio":"26\/04\/2026 15:33:44","titol":"Ning\u00fa vol vacances: remuntada en 4 minuts del Bar\u00e7a Atl\u00e8tic per mantenir el pols amb el Reus","data_publicacio":"26\/04\/2026 15:23:22","domini":"PUE3","imatges":[{"text":"https:\/\/img.3cat.cat\/multimedia\/png\/6\/4\/1777209734046.png","mida":"670x378","alt":"Bar\u00e7a Atl\u00e8tic i Atl\u00e8tic Lleida s'han vist les cares al Johan Cruyff","titol":"Bar\u00e7a Atl\u00e8tic i Atl\u00e8tic Lleida s'han vist les cares al Johan Cruyff","rel_name":"IMAGE"},{"text":"https:\/\/img.3cat.cat\/multimedia\/png\/0\/8\/1777209733980.png","mida":"326x184","alt":"Bar\u00e7a Atl\u00e8tic i Atl\u00e8tic Lleida s'han vist les cares al Johan Cruyff","titol":"Bar\u00e7a Atl\u00e8tic i Atl\u00e8tic Lleida s'han vist les cares al Johan Cruyff","rel_name":"IMAGE"},{"text":"https:\/\/img.3cat.cat\/multimedia\/png\/7\/3\/1777209734237.png","mida":"1024x576","alt":"Bar\u00e7a Atl\u00e8tic i Atl\u00e8tic Lleida s'han vist les cares al Johan Cruyff","titol":"Bar\u00e7a Atl\u00e8tic i Atl\u00e8tic Lleida s'han vist les cares al Johan Cruyff","rel_name":"IMAGE"}]},{"entradeta":"El factor Joan Garcia \u00e9s determinant, amb 14 porteries a 0, per ser l'equip menys golejat de 1a Divisi\u00f3","permatitle":"La defensa del Bar\u00e7a, m\u00e9s segura en Lliga que l'any passat","avantitol":"Futbol","tipologia":"NOT_NOTICIA","tematiques":[{"id":"PUE3_BARCA","idint":"50421","desc":"Bar\u00e7a","main":false},{"id":"PUE3_FUTBOL","idint":"50426","desc":"Futbol","main":true},{"id":"PUE3_FUT1","idint":"50427","desc":"Futbol - 1a divisi\u00f3","main":false}],"mediadestacat":"1","id":3406440,"data_modificacio":"26\/04\/2026 15:23:14","titol":"El Bar\u00e7a, la millor defensa de la Lliga","data_publicacio":"26\/04\/2026 10:41:11","domini":"PUE3","imatges":[{"text":"https:\/\/img.3cat.cat\/multimedia\/jpg\/0\/9\/1777189438290.jpg","mida":"670x378","titol":"a6e73ef73257b9e6fdfbe19433081b895b0124abw","rel_name":"IMAGE"},{"text":"https:\/\/img.3cat.cat\/multimedia\/jpg\/8\/3\/1777189438238.jpg","mida":"326x184","titol":"a6e73ef73257b9e6fdfbe19433081b895b0124abw","rel_name":"IMAGE"},{"text":"https:\/\/img.3cat.cat\/multimedia\/jpg\/9\/9\/1777189438399.jpg","mida":"1024x576","titol":"a6e73ef73257b9e6fdfbe19433081b895b0124abw","rel_name":"IMAGE"},{"text":"https:\/\/img.3cat.cat\/multimedia\/jpg\/8\/6\/1777190515568.jpg","mida":"670x378","titol":"129e52f0cace6ced291317e8991ff856054e7fedw","rel_name":"IMAGE"},{"text":"https:\/\/img.3cat.cat\/multimedia\/jpg\/0\/8\/1777190515480.jpg","mida":"326x184","titol":"129e52f0cace6ced291317e8991ff856054e7fedw","rel_name":"IMAGE"},{"text":"https:\/\/img.3cat.cat\/multimedia\/jpg\/6\/2\/1777190515726.jpg","mida":"1024x576","titol":"129e52f0cace6ced291317e8991ff856054e7fedw","rel_name":"IMAGE"},{"text":"https:\/\/img.3cat.cat\/multimedia\/jpg\/6\/6\/1777190638166.jpg","mida":"670x378","titol":"68c3116eadabf06480c9d26944f35778399c7bbew","rel_name":"IMAGE"},{"text":"https:\/\/img.3cat.cat\/multimedia\/jpg\/1\/0\/1777190638101.jpg","mida":"326x184","titol":"68c3116eadabf06480c9d26944f35778399c7bbew","rel_name":"IMAGE"},{"text":"https:\/\/img.3cat.cat\/multimedia\/jpg\/8\/0\/1777190638308.jpg","mida":"1024x576","titol":"68c3116eadabf06480c9d26944f35778399c7bbew","rel_name":"IMAGE"},{"text":"https:\/\/img.3cat.cat\/multimedia\/jpg\/4\/1\/1777190968714.jpg","mida":"670x378","titol":"6e0b3e7847a1459e6e0773c25bf4bed05238dce9w","rel_name":"IMAGE"},{"text":"https:\/\/img.3cat.cat\/multimedia\/jpg\/9\/5\/1777190968659.jpg","mida":"326x184","titol":"6e0b3e7847a1459e6e0773c25bf4bed05238dce9w","rel_name":"IMAGE"},{"text":"https:\/\/img.3cat.cat\/multimedia\/jpg\/4\/3\/1777190968834.jpg","mida":"1024x576","titol":"6e0b3e7847a1459e6e0773c25bf4bed05238dce9w","rel_name":"IMAGE"},{"text":"https:\/\/img.3cat.cat\/multimedia\/jpg\/2\/5\/1777191309152.jpg","mida":"670x378","titol":"EuropaPress_7471713_gerard_martin_of_fc_barcelona_controls_the_ball_during_the_spanish_league","rel_name":"IMAGE"},{"text":"https:\/\/img.3cat.cat\/multimedia\/jpg\/5\/8\/1777191309085.jpg","mida":"326x184","titol":"EuropaPress_7471713_gerard_martin_of_fc_barcelona_controls_the_ball_during_the_spanish_league","rel_name":"IMAGE"},{"text":"https:\/\/img.3cat.cat\/multimedia\/jpg\/6\/9\/1777191309296.jpg","mida":"1024x576","titol":"EuropaPress_7471713_gerard_martin_of_fc_barcelona_controls_the_ball_during_the_spanish_league","rel_name":"IMAGE"}]},{"entradeta":"L'equip blaugrana empata al camp del Bayern de M\u00fanic en l'anada de semifinals de la Champions\r\n","permatitle":"EN DIRECTE | Bayern de M\u00fanic-Bar\u00e7a, a TV3: semifinals de la Champions femenina","avantitol":"Champions","tipologia":"NOT_NOTICIA","tematiques":[{"id":"PUE3","idint":"50420","desc":"Esports","main":false},{"id":"PUE3_BARCA","idint":"50421","desc":"Bar\u00e7a","main":true},{"id":"PUE3_CHAMPIO","idint":"50423","desc":"Futbol - Champions","main":false},{"id":"PUE3_FUTBOL","idint":"50426","desc":"Futbol","main":false}],"agrupacions":[{"id":"PUAGR_APPNOT","idint":"52025","desc":"Destacat APP Not\u00edcies","main":true},{"id":"SEOMDP","idint":"56449","desc":"SEO-mdp","main":false},{"id":"AGR_CINCMIN","idint":"56513","desc":"En 3 minuts","main":false}],"mediadestacat":"1","videos":[{"id":"6400619","domini":"SENSE","tipologia":"DTY_VIDEO_MM","titol":"Al\u00e8xia i Cata Coll reclamen el p\u00fablic del Camp Nou","imatges":[{"text":"https:\/\/img.3cat.cat\/multimedia\/jpg\/0\/4\/1777144200040.jpg","mida":"1014x570","titol":"470795_50746961_Alexia_i_Cata_Coll_reclamen_el_public_del_Camp_Nou_0.jpg","rel_name":"KEYVIDEO"},{"text":"https:\/\/img.3cat.cat\/multimedia\/jpg\/2\/1\/1777144198912.jpg","mida":"120x68","titol":"470795_50746961_Alexia_i_Cata_Coll_reclamen_el_public_del_Camp_Nou_0.jpg","rel_name":"KEYVIDEO"},{"text":"https:\/\/img.3cat.cat\/multimedia\/jpg\/7\/2\/1777144199727.jpg","mida":"200x113","titol":"470795_50746961_Alexia_i_Cata_Coll_reclamen_el_public_del_Camp_Nou_0.jpg","rel_name":"KEYVIDEO"},{"text":"https:\/\/img.3cat.cat\/multimedia\/jpg\/4\/8\/1777144199784.jpg","mida":"320x180","titol":"470795_50746961_Alexia_i_Cata_Coll_reclamen_el_public_del_Camp_Nou_0.jpg","rel_name":"KEYVIDEO"},{"text":"https:\/\/img.3cat.cat\/multimedia\/jpg\/3\/4\/1777144199843.jpg","mida":"326x184","titol":"470795_50746961_Alexia_i_Cata_Coll_reclamen_el_public_del_Camp_Nou_0.jpg","rel_name":"KEYVIDEO"},{"text":"https:\/\/img.3cat.cat\/multimedia\/jpg\/6\/0\/1777144199906.jpg","mida":"426x240","titol":"470795_50746961_Alexia_i_Cata_Coll_reclamen_el_public_del_Camp_Nou_0.jpg","rel_name":"KEYVIDEO"},{"text":"https:\/\/img.3cat.cat\/multimedia\/jpg\/8\/6\/1777144199968.jpg","mida":"670x378","titol":"470795_50746961_Alexia_i_Cata_Coll_reclamen_el_public_del_Camp_Nou_0.jpg","rel_name":"KEYVIDEO"}]}],"id":3406012,"data_modificacio":"26\/04\/2026 14:49:56","titol":"El Bar\u00e7a s'haur\u00e0 de guanyar al Camp Nou el bitllet cap a Oslo (1-1)","data_publicacio":"25\/04\/2026 20:14:00","domini":"PUE3","imatges":[{"text":"https:\/\/img.3cat.cat\/multimedia\/png\/6\/6\/1777140699466.png","mida":"670x378","titol":"EN DIRECTE | Bayern de M\u00fanic-Bar\u00e7a: expulsada Kett amb vermella directa (1-1)","rel_name":"IMAGE"},{"text":"https:\/\/img.3cat.cat\/multimedia\/png\/3\/1\/1777140699413.png","mida":"326x184","titol":"EN DIRECTE | Bayern de M\u00fanic-Bar\u00e7a: expulsada Kett amb vermella directa (1-1)","rel_name":"IMAGE"},{"text":"https:\/\/img.3cat.cat\/multimedia\/png\/9\/2\/1777140699629.png","mida":"1024x576","titol":"EN DIRECTE | Bayern de M\u00fanic-Bar\u00e7a: expulsada Kett amb vermella directa (1-1)","rel_name":"IMAGE"},{"text":"https:\/\/img.3cat.cat\/multimedia\/png\/5\/2\/1760034306325.png","mida":"670x378","alt":"Les jugadores del Bar\u00e7a celebren el primer gol, d'Al\u00e8xia, contra el Bayern","titol":"Les jugadores del Bar\u00e7a celebren el primer gol, d'Al\u00e8xia, contra el Bayern","rel_name":"IMAGE"},{"text":"https:\/\/img.3cat.cat\/multimedia\/png\/7\/6\/1760034306267.png","mida":"326x184","alt":"Les jugadores del Bar\u00e7a celebren el primer gol, d'Al\u00e8xia, contra el Bayern","titol":"Les jugadores del Bar\u00e7a celebren el primer gol, d'Al\u00e8xia, contra el Bayern","rel_name":"IMAGE"},{"text":"https:\/\/img.3cat.cat\/multimedia\/png\/0\/9\/1760034306490.png","mida":"1024x576","alt":"Les jugadores del Bar\u00e7a celebren el primer gol, d'Al\u00e8xia, contra el Bayern","titol":"Les jugadores del Bar\u00e7a celebren el primer gol, d'Al\u00e8xia, contra el Bayern","rel_name":"IMAGE"},{"text":"https:\/\/img.3cat.cat\/multimedia\/jpg\/7\/6\/1777134597767.jpg","mida":"670x378","alt":"Pajor i les jugadores del Bar\u00e7a celebren el 0-1 a l'Allianz Arena","titol":"Pajor i les jugadores del Bar\u00e7a celebren el 0-1 a l'Allianz Arena","rel_name":"IMAGE"},{"text":"https:\/\/img.3cat.cat\/multimedia\/jpg\/7\/7\/1777134591677.jpg","mida":"326x184","alt":"Pajor i les jugadores del Bar\u00e7a celebren el 0-1 a l'Allianz Arena","titol":"Pajor i les jugadores del Bar\u00e7a celebren el 0-1 a l'Allianz Arena","rel_name":"IMAGE"},{"text":"https:\/\/img.3cat.cat\/multimedia\/jpg\/8\/6\/1777134576568.jpg","mida":"1024x576","alt":"Pajor i les jugadores del Bar\u00e7a celebren el 0-1 a l'Allianz Arena","titol":"Pajor i les jugadores del Bar\u00e7a celebren el 0-1 a l'Allianz Arena","rel_name":"IMAGE"},{"text":"https:\/\/img.3cat.cat\/multimedia\/jpg\/2\/7\/1777136925972.jpg","mida":"670x378","alt":"Ewa Pajor celebra el primer gol del Bar\u00e7a","titol":"Ewa Pajor celebra el primer gol del Bar\u00e7a","rel_name":"IMAGE"},{"text":"https:\/\/img.3cat.cat\/multimedia\/jpg\/6\/0\/1777136925906.jpg","mida":"326x184","alt":"Ewa Pajor celebra el primer gol del Bar\u00e7a","titol":"Ewa Pajor celebra el primer gol del Bar\u00e7a","rel_name":"IMAGE"},{"text":"https:\/\/img.3cat.cat\/multimedia\/jpg\/9\/2\/1777136926129.jpg","mida":"1024x576","alt":"Ewa Pajor celebra el primer gol del Bar\u00e7a","titol":"Ewa Pajor celebra el primer gol del Bar\u00e7a","rel_name":"IMAGE"},{"text":"https:\/\/img.3cat.cat\/multimedia\/png\/7\/6\/1777141757667.png","mida":"670x378","titol":"El Bar\u00e7a s'haur\u00e0 de guanyar al Camp Nou el bitllet cap a Oslo (1-1)","rel_name":"IMAGE"},{"text":"https:\/\/img.3cat.cat\/multimedia\/png\/4\/5\/1777141757554.png","mida":"326x184","titol":"El Bar\u00e7a s'haur\u00e0 de guanyar al Camp Nou el bitllet cap a Oslo (1-1)","rel_name":"IMAGE"},{"text":"https:\/\/img.3cat.cat\/multimedia\/png\/0\/4\/1777141757840.png","mida":"1024x576","titol":"El Bar\u00e7a s'haur\u00e0 de guanyar al Camp Nou el bitllet cap a Oslo (1-1)","rel_name":"IMAGE"}]},{"entradeta":"Les futbolistes del Bar\u00e7a creuen que el factor camp pot ser clau per doblegar el Bayern i passar a la final d'Oslo: \"Queda el Camp Nou, queden 90 minuts\"","permatitle":"Cata Coll i Al\u00e8xia ja pensen en la tornada: \"Amb la nostra gent, ho tirarem endavant\"","avantitol":"Bar\u00e7a","tipologia":"NOT_NOTICIA","tematiques":[{"id":"PUE3_BARCA","idint":"50421","desc":"Bar\u00e7a","main":true}],"tags":[{"id":"ALEXIAPUTELL","idint":"54556","desc":"Al\u00e8xia Putellas","main":true}],"agrupacions":[{"id":"PUAGR_APPNOT","idint":"52025","desc":"Destacat APP Not\u00edcies","main":true},{"id":"AGR_CINCMIN","idint":"56513","desc":"En 3 minuts","main":false}],"mediadestacat":"3","videos":[{"id":"6400619","domini":"SENSE","tipologia":"DTY_VIDEO_MM","titol":"Al\u00e8xia i Cata Coll reclamen el p\u00fablic del Camp Nou","imatges":[{"text":"https:\/\/img.3cat.cat\/multimedia\/jpg\/0\/4\/1777144200040.jpg","mida":"1014x570","titol":"470795_50746961_Alexia_i_Cata_Coll_reclamen_el_public_del_Camp_Nou_0.jpg","rel_name":"KEYVIDEO"},{"text":"https:\/\/img.3cat.cat\/multimedia\/jpg\/2\/1\/1777144198912.jpg","mida":"120x68","titol":"470795_50746961_Alexia_i_Cata_Coll_reclamen_el_public_del_Camp_Nou_0.jpg","rel_name":"KEYVIDEO"},{"text":"https:\/\/img.3cat.cat\/multimedia\/jpg\/7\/2\/1777144199727.jpg","mida":"200x113","titol":"470795_50746961_Alexia_i_Cata_Coll_reclamen_el_public_del_Camp_Nou_0.jpg","rel_name":"KEYVIDEO"},{"text":"https:\/\/img.3cat.cat\/multimedia\/jpg\/4\/8\/1777144199784.jpg","mida":"320x180","titol":"470795_50746961_Alexia_i_Cata_Coll_reclamen_el_public_del_Camp_Nou_0.jpg","rel_name":"KEYVIDEO"},{"text":"https:\/\/img.3cat.cat\/multimedia\/jpg\/3\/4\/1777144199843.jpg","mida":"326x184","titol":"470795_50746961_Alexia_i_Cata_Coll_reclamen_el_public_del_Camp_Nou_0.jpg","rel_name":"KEYVIDEO"},{"text":"https:\/\/img.3cat.cat\/multimedia\/jpg\/6\/0\/1777144199906.jpg","mida":"426x240","titol":"470795_50746961_Alexia_i_Cata_Coll_reclamen_el_public_del_Camp_Nou_0.jpg","rel_name":"KEYVIDEO"},{"text":"https:\/\/img.3cat.cat\/multimedia\/jpg\/8\/6\/1777144199968.jpg","mida":"670x378","titol":"470795_50746961_Alexia_i_Cata_Coll_reclamen_el_public_del_Camp_Nou_0.jpg","rel_name":"KEYVIDEO"}]}],"id":3406425,"data_modificacio":"26\/04\/2026 12:03:38","titol":"Cata Coll i Al\u00e8xia ja pensen en la tornada: \"Amb la nostra gent, ho tirarem endavant\"","data_publicacio":"25\/04\/2026 21:45:59","domini":"PUE3","imatges":[{"text":"https:\/\/img.3cat.cat\/multimedia\/png\/1\/6\/1777146215961.png","mida":"670x378","titol":"Cata Coll i Al\u00e8xia ja pensen en la tornada: \"Amb la nostra gent, ho tirarem endavant\"","rel_name":"IMAGE"},{"text":"https:\/\/img.3cat.cat\/multimedia\/png\/4\/9\/1777146215894.png","mida":"326x184","titol":"Cata Coll i Al\u00e8xia ja pensen en la tornada: \"Amb la nostra gent, ho tirarem endavant\"","rel_name":"IMAGE"},{"text":"https:\/\/img.3cat.cat\/multimedia\/png\/5\/3\/1777146216135.png","mida":"1024x576","titol":"Cata Coll i Al\u00e8xia ja pensen en la tornada: \"Amb la nostra gent, ho tirarem endavant\"","rel_name":"IMAGE"}]},{"entradeta":"Amb gols de Ferm\u00edn i Rashford, els blaugranes podrien ser campions la setmana que ve depenent dels resultats","permatitle":"EN DIRECTE | Getafe-Bar\u00e7a: el compte enrere de la Lliga passa pel Coliseum","avantitol":"Bar\u00e7a","tipologia":"NOT_NOTICIA","titol_portada":"El Bar\u00e7a fa un pas gaireb\u00e9 definitiu a Getafe per guanyar la Lliga (0-2)","tematiques":[{"id":"PUE3","idint":"50420","desc":"Esports","main":false},{"id":"PUE3_BARCA","idint":"50421","desc":"Bar\u00e7a","main":true},{"id":"PUE3_FUTBOL","idint":"50426","desc":"Futbol","main":false},{"id":"PUE3_FUT1","idint":"50427","desc":"Futbol - 1a divisi\u00f3","main":false}],"agrupacions":[{"id":"PUAGR_APPNOT","idint":"52025","desc":"Destacat APP Not\u00edcies","main":true},{"id":"SEOMDP","idint":"56449","desc":"SEO-mdp","main":false},{"id":"AGR_CINCMIN","idint":"56513","desc":"En 3 minuts","main":false}],"mediadestacat":"1","videos":[{"id":"6400609","domini":"SENSE","tipologia":"DTY_VIDEO_MM","titol":"Resum del Getafe-Bar\u00e7a (0-2) \/ Lliga \/ J32","imatges":[{"text":"https:\/\/img.3cat.cat\/multimedia\/jpg\/2\/0\/1777134586002.jpg","mida":"1014x570","titol":"9a75cff0-111c-45b9-bdba-b3ff91feaf56","rel_name":"KEYVIDEO"},{"text":"https:\/\/img.3cat.cat\/multimedia\/jpg\/6\/4\/1777134584246.jpg","mida":"120x68","titol":"9a75cff0-111c-45b9-bdba-b3ff91feaf56","rel_name":"KEYVIDEO"},{"text":"https:\/\/img.3cat.cat\/multimedia\/jpg\/8\/3\/1777134584538.jpg","mida":"200x113","titol":"9a75cff0-111c-45b9-bdba-b3ff91feaf56","rel_name":"KEYVIDEO"},{"text":"https:\/\/img.3cat.cat\/multimedia\/jpg\/1\/3\/1777134584831.jpg","mida":"320x180","titol":"9a75cff0-111c-45b9-bdba-b3ff91feaf56","rel_name":"KEYVIDEO"},{"text":"https:\/\/img.3cat.cat\/multimedia\/jpg\/2\/5\/1777134585152.jpg","mida":"326x184","titol":"9a75cff0-111c-45b9-bdba-b3ff91feaf56","rel_name":"KEYVIDEO"},{"text":"https:\/\/img.3cat.cat\/multimedia\/jpg\/1\/4\/1777134585441.jpg","mida":"426x240","titol":"9a75cff0-111c-45b9-bdba-b3ff91feaf56","rel_name":"KEYVIDEO"},{"text":"https:\/\/img.3cat.cat\/multimedia\/jpg\/8\/0\/1777134585708.jpg","mida":"670x378","titol":"9a75cff0-111c-45b9-bdba-b3ff91feaf56","rel_name":"KEYVIDEO"}]}],"id":3406086,"data_modificacio":"26\/04\/2026 14:48:21","titol":"El Bar\u00e7a fa un pas gaireb\u00e9 definitiu a Getafe per guanyar la Lliga deixant el Madrid a 11 punts (0-2)","data_publicacio":"25\/04\/2026 13:24:55","domini":"PUE3","imatges":[{"text":"https:\/\/img.3cat.cat\/multimedia\/jpg\/1\/4\/1777133678041.jpg","mida":"670x378","alt":"Ferm\u00edn ha obert el marcador i ha dedicat el gol al lesionat Lamine Yamal (EFE)","titol":"Ferm\u00edn ha obert el marcador i ha dedicat el gol al lesionat Lamine Yamal (EFE)","rel_name":"IMAGE"},{"text":"https:\/\/img.3cat.cat\/multimedia\/jpg\/7\/4\/1777133673447.jpg","mida":"326x184","alt":"Ferm\u00edn ha obert el marcador i ha dedicat el gol al lesionat Lamine Yamal (EFE)","titol":"Ferm\u00edn ha obert el marcador i ha dedicat el gol al lesionat Lamine Yamal (EFE)","rel_name":"IMAGE"},{"text":"https:\/\/img.3cat.cat\/multimedia\/jpg\/7\/1\/1777133630517.jpg","mida":"1024x576","alt":"Ferm\u00edn ha obert el marcador i ha dedicat el gol al lesionat Lamine Yamal (EFE)","titol":"Ferm\u00edn ha obert el marcador i ha dedicat el gol al lesionat Lamine Yamal (EFE)","rel_name":"IMAGE"},{"text":"https:\/\/img.3cat.cat\/multimedia\/jpg\/5\/3\/1758537427835.jpg","mida":"670x378","titol":"Getafe - Bar\u00e7a","rel_name":"IMAGE"},{"text":"https:\/\/img.3cat.cat\/multimedia\/jpg\/6\/8\/1758537427886.jpg","mida":"326x184","titol":"Getafe - Bar\u00e7a","rel_name":"IMAGE"},{"text":"https:\/\/img.3cat.cat\/multimedia\/png\/8\/0\/1777122309108.png","mida":"670x378","alt":"Bardghji, celebrant el gol que va marcar al Betis-Bar\u00e7a","titol":"Bardghji, celebrant el gol que va marcar al Betis-Bar\u00e7a","rel_name":"IMAGE"},{"text":"https:\/\/img.3cat.cat\/multimedia\/png\/9\/5\/1777122309059.png","mida":"326x184","alt":"Bardghji, celebrant el gol que va marcar al Betis-Bar\u00e7a","titol":"Bardghji, celebrant el gol que va marcar al Betis-Bar\u00e7a","rel_name":"IMAGE"},{"text":"https:\/\/img.3cat.cat\/multimedia\/png\/1\/4\/1777122309241.png","mida":"1024x576","alt":"Bardghji, celebrant el gol que va marcar al Betis-Bar\u00e7a","titol":"Bardghji, celebrant el gol que va marcar al Betis-Bar\u00e7a","rel_name":"IMAGE"},{"text":"https:\/\/img.3cat.cat\/multimedia\/jpg\/5\/6\/1777127421265.jpg","mida":"670x378","alt":"Una imatge de l'esl\u00e0lom d'Olmo al Coliseum, a la primera meitat del Getafe-Bar\u00e7a","titol":"Una imatge de l'esl\u00e0lom d'Olmo al Coliseum, a la primera meitat del Getafe-Bar\u00e7a","rel_name":"IMAGE"},{"text":"https:\/\/img.3cat.cat\/multimedia\/jpg\/2\/0\/1777127416002.jpg","mida":"326x184","alt":"Una imatge de l'esl\u00e0lom d'Olmo al Coliseum, a la primera meitat del Getafe-Bar\u00e7a","titol":"Una imatge de l'esl\u00e0lom d'Olmo al Coliseum, a la primera meitat del Getafe-Bar\u00e7a","rel_name":"IMAGE"},{"text":"https:\/\/img.3cat.cat\/multimedia\/jpg\/3\/8\/1777127365483.jpg","mida":"1024x576","alt":"Una imatge de l'esl\u00e0lom d'Olmo al Coliseum, a la primera meitat del Getafe-Bar\u00e7a","titol":"Una imatge de l'esl\u00e0lom d'Olmo al Coliseum, a la primera meitat del Getafe-Bar\u00e7a","rel_name":"IMAGE"},{"text":"https:\/\/img.3cat.cat\/multimedia\/jpg\/1\/0\/1777129990001.jpg","mida":"670x378","alt":"Ferm\u00edn ha obert el marcador i ha dedicat el gol al lesionat Lamine Yamal","titol":"Ferm\u00edn ha obert el marcador i ha dedicat el gol al lesionat Lamine Yamal","rel_name":"IMAGE"},{"text":"https:\/\/img.3cat.cat\/multimedia\/jpg\/0\/6\/1777129984560.jpg","mida":"326x184","alt":"Ferm\u00edn ha obert el marcador i ha dedicat el gol al lesionat Lamine Yamal","titol":"Ferm\u00edn ha obert el marcador i ha dedicat el gol al lesionat Lamine Yamal","rel_name":"IMAGE"},{"text":"https:\/\/img.3cat.cat\/multimedia\/jpg\/6\/0\/1777129892206.jpg","mida":"1024x576","alt":"Ferm\u00edn ha obert el marcador i ha dedicat el gol al lesionat Lamine Yamal","titol":"Ferm\u00edn ha obert el marcador i ha dedicat el gol al lesionat Lamine Yamal","rel_name":"IMAGE"}]},{"entradeta":"Els blaugranes poden ser campions si guanyen a El Sadar i el Reial Madrid ensopega a l'RCDE Stadium","permatitle":"Les opcions de t\u00edtol de Lliga del Bar\u00e7a abans del cl\u00e0ssic, en mans de l'Espanyol","avantitol":"Bar\u00e7a","tipologia":"NOT_NOTICIA","titol_portada":"Les opcions de t\u00edtol del Bar\u00e7a abans del cl\u00e0ssic, en mans de l'Espanyol","tematiques":[{"id":"PUE3_BARCA","idint":"50421","desc":"Bar\u00e7a","main":true}],"agrupacions":[{"id":"PUAGR_APPNOT","idint":"52025","desc":"Destacat APP Not\u00edcies","main":true},{"id":"AGR_CINCMIN","idint":"56513","desc":"En 3 minuts","main":false}],"mediadestacat":"1","id":3406410,"data_modificacio":"26\/04\/2026 12:04:02","titol":"Les opcions de t\u00edtol de Lliga del Bar\u00e7a abans del cl\u00e0ssic, en mans de l'Espanyol","data_publicacio":"25\/04\/2026 18:12:12","domini":"PUE3","imatges":[{"text":"https:\/\/img.3cat.cat\/multimedia\/png\/2\/7\/1777133363972.png","mida":"670x378","alt":"Els futbolistes del Bar\u00e7a celebrant el t\u00edtol de Lliga de la temporada passada a la gespa de l'RCDE Stadium","titol":"Les opcions de t\u00edtol de Lliga del Bar\u00e7a abans del cl\u00e0ssic, en mans de l'Espanyol","rel_name":"IMAGE"},{"text":"https:\/\/img.3cat.cat\/multimedia\/png\/2\/8\/1777133363882.png","mida":"326x184","alt":"Els futbolistes del Bar\u00e7a celebrant el t\u00edtol de Lliga de la temporada passada a la gespa de l'RCDE Stadium","titol":"Les opcions de t\u00edtol de Lliga del Bar\u00e7a abans del cl\u00e0ssic, en mans de l'Espanyol","rel_name":"IMAGE"},{"text":"https:\/\/img.3cat.cat\/multimedia\/png\/2\/2\/1777133367322.png","mida":"1024x576","alt":"Els futbolistes del Bar\u00e7a celebrant el t\u00edtol de Lliga de la temporada passada a la gespa de l'RCDE Stadium","titol":"Les opcions de t\u00edtol de Lliga del Bar\u00e7a abans del cl\u00e0ssic, en mans de l'Espanyol","rel_name":"IMAGE"},{"text":"https:\/\/img.3cat.cat\/multimedia\/jpg\/6\/0\/1777141076806.jpg","mida":"670x378","alt":"Les opcions del Bar\u00e7a per ser campi\u00f3","titol":"Les opcions del Bar\u00e7a per ser campi\u00f3","rel_name":"IMAGE"},{"text":"https:\/\/img.3cat.cat\/multimedia\/jpg\/0\/6\/1777141076760.jpg","mida":"326x184","alt":"Les opcions del Bar\u00e7a per ser campi\u00f3","titol":"Les opcions del Bar\u00e7a per ser campi\u00f3","rel_name":"IMAGE"},{"text":"https:\/\/img.3cat.cat\/multimedia\/jpg\/9\/0\/1777141076909.jpg","mida":"1024x576","alt":"Les opcions del Bar\u00e7a per ser campi\u00f3","titol":"Les opcions del Bar\u00e7a per ser campi\u00f3","rel_name":"IMAGE"}]},{"entradeta":"Una acci\u00f3 poc esportiva de McDaniels ha desfermat una picabaralla amb el serbi, que ha acabat expulsat","permatitle":"Jokic perd els papers al final del partit i els Nuggets estan contra les cordes (3-1)","avantitol":"B\u00e0squet","tipologia":"NOT_NOTICIA","tematiques":[{"id":"PUE3_BASQUET","idint":"50429","desc":"B\u00e0squet","main":true},{"id":"PUE3_BASQNBA","idint":"50432","desc":"B\u00e0squet - NBA","main":false}],"mediadestacat":"1","id":3406447,"data_modificacio":"26\/04\/2026 12:12:17","titol":"Jokic perd els papers al final del partit i els Nuggets estan contra les cordes (3-1)","data_publicacio":"26\/04\/2026 11:48:25","domini":"PUE3","imatges":[{"text":"https:\/\/img.3cat.cat\/multimedia\/jpg\/5\/4\/1777196520245.jpg","mida":"670x378","titol":"2026-04-24T053237Z_1082083699_MT1USATODAY28798302_RTRMADP_3_NBA-DENVER-NUGGETS-AT-MINNESOTA-TIMBERWOLVES","rel_name":"IMAGE"},{"text":"https:\/\/img.3cat.cat\/multimedia\/jpg\/6\/8\/1777196520186.jpg","mida":"326x184","titol":"2026-04-24T053237Z_1082083699_MT1USATODAY28798302_RTRMADP_3_NBA-DENVER-NUGGETS-AT-MINNESOTA-TIMBERWOLVES","rel_name":"IMAGE"},{"text":"https:\/\/img.3cat.cat\/multimedia\/jpg\/2\/3\/1777196522032.jpg","mida":"1024x576","titol":"2026-04-24T053237Z_1082083699_MT1USATODAY28798302_RTRMADP_3_NBA-DENVER-NUGGETS-AT-MINNESOTA-TIMBERWOLVES","rel_name":"IMAGE"}]},{"entradeta":"Les combinacions estad\u00edstiques apunten que la salvaci\u00f3 del Girona i de l'Espanyol \u00e9s un fet, per\u00f2 difereixen en el % de possibilitats","permatitle":"La lluita per la perman\u00e8ncia implica m\u00e9s de 10 equips a 5 jornades per al final","avantitol":"Futbol","tipologia":"NOT_NOTICIA","tematiques":[{"id":"PUE3_FUTBOL","idint":"50426","desc":"Futbol","main":false},{"id":"PUE3_FUT1","idint":"50427","desc":"Futbol - 1a divisi\u00f3","main":true}],"mediadestacat":"1","id":3406435,"data_modificacio":"26\/04\/2026 09:23:45","titol":"La lluita per la perman\u00e8ncia implica m\u00e9s de 10 equips a 5 jornades per al final","data_publicacio":"26\/04\/2026 09:22:42","domini":"PUE3","imatges":[{"text":"https:\/\/img.3cat.cat\/multimedia\/jpg\/1\/8\/1777186809881.jpg","mida":"670x378","titol":"f477cccf4e2565aa367095f068392014c6e48402w","rel_name":"IMAGE"},{"text":"https:\/\/img.3cat.cat\/multimedia\/jpg\/1\/7\/1777186809771.jpg","mida":"326x184","titol":"f477cccf4e2565aa367095f068392014c6e48402w","rel_name":"IMAGE"},{"text":"https:\/\/img.3cat.cat\/multimedia\/jpg\/3\/0\/1777186810903.jpg","mida":"1024x576","titol":"f477cccf4e2565aa367095f068392014c6e48402w","rel_name":"IMAGE"},{"text":"https:\/\/img.3cat.cat\/multimedia\/jpg\/1\/5\/1777183707951.jpg","mida":"670x378","titol":"2026-04-25T170039Z_787940626_UP1EM4P1B47BS_RTRMADP_3_SOCCER-SPAIN-GET-BAR","rel_name":"IMAGE"},{"text":"https:\/\/img.3cat.cat\/multimedia\/jpg\/9\/8\/1777183707889.jpg","mida":"326x184","titol":"2026-04-25T170039Z_787940626_UP1EM4P1B47BS_RTRMADP_3_SOCCER-SPAIN-GET-BAR","rel_name":"IMAGE"},{"text":"https:\/\/img.3cat.cat\/multimedia\/jpg\/1\/5\/1777183709751.jpg","mida":"1024x576","titol":"2026-04-25T170039Z_787940626_UP1EM4P1B47BS_RTRMADP_3_SOCCER-SPAIN-GET-BAR","rel_name":"IMAGE"},{"text":"https:\/\/img.3cat.cat\/multimedia\/jpg\/0\/4\/1777185081740.jpg","mida":"670x378","titol":"EuropaPress_7466638_ivan_romero_of_levante_ud_celebrates_goal_during_the_spanish_league_laliga","rel_name":"IMAGE"},{"text":"https:\/\/img.3cat.cat\/multimedia\/jpg\/3\/7\/1777185081673.jpg","mida":"326x184","titol":"EuropaPress_7466638_ivan_romero_of_levante_ud_celebrates_goal_during_the_spanish_league_laliga","rel_name":"IMAGE"},{"text":"https:\/\/img.3cat.cat\/multimedia\/jpg\/4\/8\/1777185081884.jpg","mida":"1024x576","titol":"EuropaPress_7466638_ivan_romero_of_levante_ud_celebrates_goal_during_the_spanish_league_laliga","rel_name":"IMAGE"},{"text":"https:\/\/img.3cat.cat\/multimedia\/jpg\/8\/0\/1777185197608.jpg","mida":"670x378","titol":"7e805745cd9ad71f08bf12889277d8a352ff5359w","rel_name":"IMAGE"},{"text":"https:\/\/img.3cat.cat\/multimedia\/jpg\/0\/6\/1777185197560.jpg","mida":"326x184","titol":"7e805745cd9ad71f08bf12889277d8a352ff5359w","rel_name":"IMAGE"},{"text":"https:\/\/img.3cat.cat\/multimedia\/jpg\/9\/1\/1777185197719.jpg","mida":"1024x576","titol":"7e805745cd9ad71f08bf12889277d8a352ff5359w","rel_name":"IMAGE"},{"text":"https:\/\/img.3cat.cat\/multimedia\/jpg\/2\/5\/1777185368952.jpg","mida":"670x378","titol":"EuropaPress_7466631_manolo_gonzalez_head_coach_of_rcd_espanyol_gestures_during_the_spanish","rel_name":"IMAGE"},{"text":"https:\/\/img.3cat.cat\/multimedia\/jpg\/1\/0\/1777185368901.jpg","mida":"326x184","titol":"EuropaPress_7466631_manolo_gonzalez_head_coach_of_rcd_espanyol_gestures_during_the_spanish","rel_name":"IMAGE"},{"text":"https:\/\/img.3cat.cat\/multimedia\/jpg\/9\/2\/1777185371929.jpg","mida":"1024x576","titol":"EuropaPress_7466631_manolo_gonzalez_head_coach_of_rcd_espanyol_gestures_during_the_spanish","rel_name":"IMAGE"}]},{"entradeta":"El conjunt blaugrana acarona la segona Lliga consecutiva i l'entrenador alemany recompensa la feina dels seus","permatitle":"El premi de Flick que acaba de desfermar l'euf\u00f2ria al vestidor del Bar\u00e7a a Getafe","avantitol":"bar\u00e7a","tipologia":"NOT_NOTICIA","titol_portada":"El premi de Flick que acaba de desfermar l'euf\u00f2ria","tematiques":[{"id":"PUE3_BARCA","idint":"50421","desc":"Bar\u00e7a","main":true}],"mediadestacat":"1","videos":[{"id":"6400609","domini":"SENSE","tipologia":"DTY_VIDEO_MM","titol":"Resum del Getafe-Bar\u00e7a (0-2) \/ Lliga \/ J32","imatges":[{"text":"https:\/\/img.3cat.cat\/multimedia\/jpg\/2\/0\/1777134586002.jpg","mida":"1014x570","titol":"9a75cff0-111c-45b9-bdba-b3ff91feaf56","rel_name":"KEYVIDEO"},{"text":"https:\/\/img.3cat.cat\/multimedia\/jpg\/6\/4\/1777134584246.jpg","mida":"120x68","titol":"9a75cff0-111c-45b9-bdba-b3ff91feaf56","rel_name":"KEYVIDEO"},{"text":"https:\/\/img.3cat.cat\/multimedia\/jpg\/8\/3\/1777134584538.jpg","mida":"200x113","titol":"9a75cff0-111c-45b9-bdba-b3ff91feaf56","rel_name":"KEYVIDEO"},{"text":"https:\/\/img.3cat.cat\/multimedia\/jpg\/1\/3\/1777134584831.jpg","mida":"320x180","titol":"9a75cff0-111c-45b9-bdba-b3ff91feaf56","rel_name":"KEYVIDEO"},{"text":"https:\/\/img.3cat.cat\/multimedia\/jpg\/2\/5\/1777134585152.jpg","mida":"326x184","titol":"9a75cff0-111c-45b9-bdba-b3ff91feaf56","rel_name":"KEYVIDEO"},{"text":"https:\/\/img.3cat.cat\/multimedia\/jpg\/1\/4\/1777134585441.jpg","mida":"426x240","titol":"9a75cff0-111c-45b9-bdba-b3ff91feaf56","rel_name":"KEYVIDEO"},{"text":"https:\/\/img.3cat.cat\/multimedia\/jpg\/8\/0\/1777134585708.jpg","mida":"670x378","titol":"9a75cff0-111c-45b9-bdba-b3ff91feaf56","rel_name":"KEYVIDEO"}]}],"id":3406423,"data_modificacio":"25\/04\/2026 19:39:15","titol":"El premi de Flick que acaba de desfermar l'euf\u00f2ria al vestidor del Bar\u00e7a a Getafe","data_publicacio":"25\/04\/2026 19:25:02","domini":"PUE3","imatges":[{"text":"https:\/\/img.3cat.cat\/multimedia\/jpg\/9\/3\/1777137967539.jpg","mida":"670x378","alt":"Flick, aquest dissabte a la banda del Coliseum de Getafe","titol":"Flick, aquest dissabte a la banda del Coliseum de Getafe","rel_name":"IMAGE"},{"text":"https:\/\/img.3cat.cat\/multimedia\/jpg\/3\/1\/1777137962713.jpg","mida":"326x184","alt":"Flick, aquest dissabte a la banda del Coliseum de Getafe","titol":"Flick, aquest dissabte a la banda del Coliseum de Getafe","rel_name":"IMAGE"},{"text":"https:\/\/img.3cat.cat\/multimedia\/jpg\/4\/6\/1777137894464.jpg","mida":"1024x576","alt":"Flick, aquest dissabte a la banda del Coliseum de Getafe","titol":"Flick, aquest dissabte a la banda del Coliseum de Getafe","rel_name":"IMAGE"}]},{"entradeta":"Els de Michel no han sabut superar un Val\u00e8ncia amb m\u00e9s sang freda","permatitle":"EN DIRECTE | Val\u00e8ncia-Girona: duel directe per la perman\u00e8ncia de la Lliga","avantitol":"Girona","tipologia":"NOT_NOTICIA","tematiques":[{"id":"PUE3","idint":"50420","desc":"Esports","main":false},{"id":"PUE3_FUTBOL","idint":"50426","desc":"Futbol","main":false},{"id":"PUE3_FUT1","idint":"50427","desc":"Futbol - 1a divisi\u00f3","main":false},{"id":"PUE3_GIRONA","idint":"52173","desc":"Girona","main":true}],"agrupacions":[{"id":"PUAGR_APPNOT","idint":"52025","desc":"Destacat APP Not\u00edcies","main":true},{"id":"SEOMDP","idint":"56449","desc":"SEO-mdp","main":false},{"id":"AGR_CINCMIN","idint":"56513","desc":"En 3 minuts","main":false}],"mediadestacat":"1","id":3406095,"data_modificacio":"26\/04\/2026 11:42:44","titol":"El Girona cau a Mestalla i continua sense segellar la perman\u00e8ncia","data_publicacio":"25\/04\/2026 20:35:00","domini":"PUE3","imatges":[{"text":"https:\/\/img.3cat.cat\/multimedia\/jpg\/9\/1\/1777142436319.jpg","mida":"670x378","alt":"Luis Rioja intenta superar Alex Moreno del Girona","titol":"Luis Rioja intenta superar Alex Moreno del Girona","rel_name":"IMAGE"},{"text":"https:\/\/img.3cat.cat\/multimedia\/jpg\/4\/5\/1777142436254.jpg","mida":"326x184","alt":"Luis Rioja intenta superar Alex Moreno del Girona","titol":"Luis Rioja intenta superar Alex Moreno del Girona","rel_name":"IMAGE"},{"text":"https:\/\/img.3cat.cat\/multimedia\/jpg\/6\/5\/1777142436456.jpg","mida":"1024x576","alt":"Luis Rioja intenta superar Alex Moreno del Girona","titol":"Luis Rioja intenta superar Alex Moreno del Girona","rel_name":"IMAGE"},{"text":"https:\/\/img.3cat.cat\/multimedia\/png\/1\/7\/1759589056171.png","mida":"670x378","titol":"EN DIRECTE | Girona-Val\u00e8ncia: gol\u00e0s de Vanat per estrenar el marcador (1-0)","rel_name":"IMAGE"},{"text":"https:\/\/img.3cat.cat\/multimedia\/png\/9\/1\/1759589056119.png","mida":"326x184","titol":"EN DIRECTE | Girona-Val\u00e8ncia: gol\u00e0s de Vanat per estrenar el marcador (1-0)","rel_name":"IMAGE"},{"text":"https:\/\/img.3cat.cat\/multimedia\/png\/5\/0\/1759589056305.png","mida":"1024x576","titol":"EN DIRECTE | Girona-Val\u00e8ncia: gol\u00e0s de Vanat per estrenar el marcador (1-0)","rel_name":"IMAGE"}]},{"entradeta":"Els \"citizens\" continuen en ratxa i aspiraran a un nou t\u00edtol d'Anglaterra","permatitle":"El City de Guardiola fa hist\u00f2ria: quarta final consecutiva a la FA Cup","avantitol":"Futbol","tipologia":"NOT_NOTICIA","tematiques":[{"id":"PUE3_FUTBOL","idint":"50426","desc":"Futbol","main":true}],"tags":[{"id":"GUARDIOLA","idint":"52429","desc":"Guardiola","main":true}],"mediadestacat":"1","id":3406428,"data_modificacio":"25\/04\/2026 22:43:58","titol":"El City de Guardiola fa hist\u00f2ria: quarta final consecutiva a la FA Cup","data_publicacio":"25\/04\/2026 22:30:39","domini":"PUE3","imatges":[{"text":"https:\/\/img.3cat.cat\/multimedia\/jpg\/6\/4\/1777148819846.jpg","mida":"670x378","alt":"Guardiola felicita els seus jugadors en acabar la final","titol":"Guardiola felicita els seus jugadors en acabar la final","rel_name":"IMAGE"},{"text":"https:\/\/img.3cat.cat\/multimedia\/jpg\/9\/8\/1777148819789.jpg","mida":"326x184","alt":"Guardiola felicita els seus jugadors en acabar la final","titol":"Guardiola felicita els seus jugadors en acabar la final","rel_name":"IMAGE"},{"text":"https:\/\/img.3cat.cat\/multimedia\/jpg\/8\/7\/1777148819978.jpg","mida":"1024x576","alt":"Guardiola felicita els seus jugadors en acabar la final","titol":"Guardiola felicita els seus jugadors en acabar la final","rel_name":"IMAGE"}]},{"entradeta":"Despr\u00e9s de sis temporades, el club recupera aquesta tonalitat com a visitant","permatitle":"Filtren la tercera i mentolada samarreta del Bar\u00e7a 26-27","avantitol":"bar\u00e7a","tipologia":"NOT_NOTICIA","titol_portada":"Filtren la mentolada samarreta del Bar\u00e7a 26-27","tematiques":[{"id":"PUE3_BARCA","idint":"50421","desc":"Bar\u00e7a","main":true}],"mediadestacat":"1","id":3406412,"data_modificacio":"25\/04\/2026 17:55:59","titol":"Filtren la tercera i mentolada samarreta del Bar\u00e7a 26-27","data_publicacio":"25\/04\/2026 17:41:27","domini":"PUE3","imatges":[{"text":"https:\/\/img.3cat.cat\/multimedia\/png\/8\/8\/1777131682888.png","mida":"670x378","alt":"La tercera samarreta del Bar\u00e7a 26-27 ser\u00e0 presentada el proper estiu","titol":"La tercera samarreta del Bar\u00e7a 26-27 ser\u00e0 presentada el proper estiu","rel_name":"IMAGE"},{"text":"https:\/\/img.3cat.cat\/multimedia\/png\/8\/0\/1777131682808.png","mida":"326x184","alt":"La tercera samarreta del Bar\u00e7a 26-27 ser\u00e0 presentada el proper estiu","titol":"La tercera samarreta del Bar\u00e7a 26-27 ser\u00e0 presentada el proper estiu","rel_name":"IMAGE"},{"text":"https:\/\/img.3cat.cat\/multimedia\/png\/4\/6\/1777131683064.png","mida":"1024x576","alt":"La tercera samarreta del Bar\u00e7a 26-27 ser\u00e0 presentada el proper estiu","titol":"La tercera samarreta del Bar\u00e7a 26-27 ser\u00e0 presentada el proper estiu","rel_name":"IMAGE"}]},{"entradeta":"Segon triomf de la temporada en una cursa esprint per al de Cervera, que retalla punts amb els tres primers del Mundial de MotoGP","permatitle":"Marc M\u00e1rquez guanya una cursa boja a Jerez despr\u00e9s de caure sota la pluja","avantitol":"Motor","tipologia":"NOT_NOTICIA","titol_portada":"M\u00e1rquez guanya un esprint ca\u00f2tic a Jerez despr\u00e9s de caure sota la pluja","tematiques":[{"id":"PUE3_MOTOGP","idint":"50425","desc":"Motor - Moto GP","main":true}],"tags":[{"id":"MARQUEZ","idint":"52344","desc":"Marc M\u00e0rquez","main":true}],"mediadestacat":"1","id":3406380,"data_modificacio":"25\/04\/2026 17:37:31","titol":"Marc M\u00e1rquez guanya un esprint ca\u00f2tic a Jerez despr\u00e9s de caure sota la pluja","data_publicacio":"25\/04\/2026 16:07:34","domini":"PUE3","imatges":[{"text":"https:\/\/img.3cat.cat\/multimedia\/jpg\/9\/5\/1777125554759.jpg","mida":"670x378","titol":"8c81c6a1203ebc79c85aa38689941ad2849332e4w","rel_name":"IMAGE"},{"text":"https:\/\/img.3cat.cat\/multimedia\/jpg\/9\/0\/1777125554709.jpg","mida":"326x184","titol":"8c81c6a1203ebc79c85aa38689941ad2849332e4w","rel_name":"IMAGE"},{"text":"https:\/\/img.3cat.cat\/multimedia\/jpg\/6\/5\/1777125554856.jpg","mida":"1024x576","titol":"8c81c6a1203ebc79c85aa38689941ad2849332e4w","rel_name":"IMAGE"},{"text":"https:\/\/img.3cat.cat\/multimedia\/jpg\/4\/6\/1777125593064.jpg","mida":"670x378","titol":"b8ae75214b43b45d5640ed35c20b9331c14fb833w","rel_name":"IMAGE"},{"text":"https:\/\/img.3cat.cat\/multimedia\/jpg\/7\/1\/1777125593017.jpg","mida":"326x184","titol":"b8ae75214b43b45d5640ed35c20b9331c14fb833w","rel_name":"IMAGE"},{"text":"https:\/\/img.3cat.cat\/multimedia\/jpg\/5\/6\/1777125593165.jpg","mida":"1024x576","titol":"b8ae75214b43b45d5640ed35c20b9331c14fb833w","rel_name":"IMAGE"},{"text":"https:\/\/img.3cat.cat\/multimedia\/jpg\/9\/8\/1777125693789.jpg","mida":"670x378","titol":"824c8ae992a344a97af1a3ffe846bc101cd9638cw","rel_name":"IMAGE"},{"text":"https:\/\/img.3cat.cat\/multimedia\/jpg\/6\/1\/1777125693616.jpg","mida":"326x184","titol":"824c8ae992a344a97af1a3ffe846bc101cd9638cw","rel_name":"IMAGE"},{"text":"https:\/\/img.3cat.cat\/multimedia\/jpg\/9\/2\/1777125694529.jpg","mida":"1024x576","titol":"824c8ae992a344a97af1a3ffe846bc101cd9638cw","rel_name":"IMAGE"}]},{"entradeta":"Ha fet la feina a la pista del Gran Can\u00e0ria (70-108), per\u00f2 necessitava una derrota de l'Araski a Estepona i no ha passat (74-77)","permatitle":"La Penya es queda sense carambola i no pot evitar el descens","avantitol":"Lliga femenina de b\u00e0squet","tipologia":"NOT_NOTICIA","titol_portada":"La Penya juga i guanya a Gran Can\u00e0ria, per\u00f2 no pot evitar el descens","tematiques":[{"id":"PUE3_BASQUET","idint":"50429","desc":"B\u00e0squet","main":true}],"mediadestacat":"1","id":3406424,"data_modificacio":"25\/04\/2026 22:45:31","titol":"La Penya es queda sense carambola i no pot evitar el descens","data_publicacio":"25\/04\/2026 20:52:45","domini":"PUE3","imatges":[{"text":"https:\/\/img.3cat.cat\/multimedia\/jpg\/0\/1\/1777143157510.jpg","mida":"670x378","titol":"PENYA","rel_name":"IMAGE"},{"text":"https:\/\/img.3cat.cat\/multimedia\/jpg\/5\/3\/1777143157435.jpg","mida":"326x184","titol":"PENYA","rel_name":"IMAGE"},{"text":"https:\/\/img.3cat.cat\/multimedia\/jpg\/9\/6\/1777143157669.jpg","mida":"1024x576","titol":"PENYA","rel_name":"IMAGE"}]},{"entradeta":"El nigeri\u00e0, futurible culer, torna per al derbi decisiu que enfronta les parts europea i asi\u00e0tica d'Istanbul","permatitle":"Desitjat per mig continent, Osimhen es llan\u00e7a a la batalla del B\u00f2sfor","avantitol":"futbol","tipologia":"NOT_NOTICIA","tematiques":[{"id":"PUE3_FUTINT","idint":"50467","desc":"Futbol Internacional","main":true}],"mediadestacat":"1","id":3406393,"data_modificacio":"25\/04\/2026 16:26:05","titol":"El desitjat Osimhen es llan\u00e7a a la batalla del B\u00f2sfor","data_publicacio":"25\/04\/2026 14:34:43","domini":"PUE3","imatges":[{"text":"https:\/\/img.3cat.cat\/multimedia\/png\/0\/7\/1777120479270.png","mida":"670x378","alt":"Osimhen, amb el bra\u00e7 embenat, en el seu retorn als entrenaments del Galatasaray","titol":"Osimhen, amb el bra\u00e7 embenat, en el seu retorn als entrenaments del Galatasaray","rel_name":"IMAGE"},{"text":"https:\/\/img.3cat.cat\/multimedia\/png\/0\/3\/1777120472130.png","mida":"326x184","alt":"Osimhen, amb el bra\u00e7 embenat, en el seu retorn als entrenaments del Galatasaray","titol":"Osimhen, amb el bra\u00e7 embenat, en el seu retorn als entrenaments del Galatasaray","rel_name":"IMAGE"},{"text":"https:\/\/img.3cat.cat\/multimedia\/png\/1\/0\/1777120479401.png","mida":"1024x576","alt":"Osimhen, amb el bra\u00e7 embenat, en el seu retorn als entrenaments del Galatasaray","titol":"Osimhen, amb el bra\u00e7 embenat, en el seu retorn als entrenaments del Galatasaray","rel_name":"IMAGE"}]},{"entradeta":"Els culers nom\u00e9s han guanyat a Getafe en 1 de les \u00faltimes 6 visites, l'any 2019","permatitle":"El Bar\u00e7a vol acabar amb la malastrugan\u00e7a al Coliseum de Getafe","avantitol":"Futbol","tipologia":"NOT_NOTICIA","titol_portada":"L'espina Bordal\u00e1s: el Bar\u00e7a vol acabar amb la malastrugan\u00e7a al Coliseum","tematiques":[{"id":"PUE3_BARCA","idint":"50421","desc":"Bar\u00e7a","main":false},{"id":"PUE3_FUT1","idint":"50427","desc":"Futbol - 1a divisi\u00f3","main":true}],"mediadestacat":"1","id":3406373,"data_modificacio":"25\/04\/2026 13:27:59","titol":"L'espina Bordal\u00e1s: el Bar\u00e7a vol acabar amb la malastrugan\u00e7a al Coliseum de Getafe","data_publicacio":"25\/04\/2026 12:22:38","domini":"PUE3","imatges":[{"text":"https:\/\/img.3cat.cat\/multimedia\/jpg\/0\/7\/1777112256270.jpg","mida":"670x378","titol":"EuropaPress_7385184_jose_bordalas_head_coach_of_getafe_cf_looks_on_during_the_spanish_league","rel_name":"IMAGE"},{"text":"https:\/\/img.3cat.cat\/multimedia\/jpg\/8\/0\/1777112256208.jpg","mida":"326x184","titol":"EuropaPress_7385184_jose_bordalas_head_coach_of_getafe_cf_looks_on_during_the_spanish_league","rel_name":"IMAGE"},{"text":"https:\/\/img.3cat.cat\/multimedia\/jpg\/8\/9\/1777112256398.jpg","mida":"1024x576","titol":"EuropaPress_7385184_jose_bordalas_head_coach_of_getafe_cf_looks_on_during_the_spanish_league","rel_name":"IMAGE"},{"text":"https:\/\/img.3cat.cat\/multimedia\/jpg\/4\/4\/1777112206244.jpg","mida":"670x378","titol":"f3152235eb9619fa4938c0cd1aa39c8136cff06fw","rel_name":"IMAGE"},{"text":"https:\/\/img.3cat.cat\/multimedia\/jpg\/4\/5\/1777112206154.jpg","mida":"326x184","titol":"f3152235eb9619fa4938c0cd1aa39c8136cff06fw","rel_name":"IMAGE"},{"text":"https:\/\/img.3cat.cat\/multimedia\/jpg\/7\/8\/1777112206387.jpg","mida":"1024x576","titol":"f3152235eb9619fa4938c0cd1aa39c8136cff06fw","rel_name":"IMAGE"},{"text":"https:\/\/img.3cat.cat\/multimedia\/jpg\/8\/4\/1777112394348.jpg","mida":"670x378","titol":"987e508001a21e919e6597ffd55a99bff0b4883aw","rel_name":"IMAGE"},{"text":"https:\/\/img.3cat.cat\/multimedia\/jpg\/2\/9\/1777112394292.jpg","mida":"326x184","titol":"987e508001a21e919e6597ffd55a99bff0b4883aw","rel_name":"IMAGE"},{"text":"https:\/\/img.3cat.cat\/multimedia\/jpg\/5\/4\/1777112394445.jpg","mida":"1024x576","titol":"987e508001a21e919e6597ffd55a99bff0b4883aw","rel_name":"IMAGE"}]},{"entradeta":"Xavi Pascual no pot revertir una situaci\u00f3 que ja es va donar amb Grimau i Pe\u00f1arroya","permatitle":"Reflexi\u00f3 al Palau: 3 anys sense final-four","avantitol":"B\u00e0squet","tipologia":"NOT_NOTICIA","tematiques":[{"id":"PUE3_BASQUET","idint":"50429","desc":"B\u00e0squet","main":true},{"id":"PUE3_BASQEUR","idint":"50430","desc":"B\u00e0squet - Eurolliga","main":false}],"mediadestacat":"1","id":3406367,"data_modificacio":"25\/04\/2026 12:51:00","titol":"Reflexi\u00f3 al Palau: 3 anys sense final four","data_publicacio":"25\/04\/2026 11:16:07","domini":"PUE3","imatges":[{"text":"https:\/\/img.3cat.cat\/multimedia\/jpg\/7\/7\/1777107082477.jpg","mida":"670x378","titol":"e94a61abe93e6cc2a2d465f300f16514a9b2d7a9w","rel_name":"IMAGE"},{"text":"https:\/\/img.3cat.cat\/multimedia\/jpg\/7\/0\/1777107082407.jpg","mida":"326x184","titol":"e94a61abe93e6cc2a2d465f300f16514a9b2d7a9w","rel_name":"IMAGE"},{"text":"https:\/\/img.3cat.cat\/multimedia\/jpg\/1\/8\/1777107082581.jpg","mida":"1024x576","titol":"e94a61abe93e6cc2a2d465f300f16514a9b2d7a9w","rel_name":"IMAGE"},{"text":"https:\/\/img.3cat.cat\/multimedia\/jpg\/7\/8\/1777106897987.jpg","mida":"670x378","titol":"ca5e4cdeffd544cd54f10d54829df5a29a809208w","rel_name":"IMAGE"},{"text":"https:\/\/img.3cat.cat\/multimedia\/jpg\/9\/3\/1777106897939.jpg","mida":"326x184","titol":"ca5e4cdeffd544cd54f10d54829df5a29a809208w","rel_name":"IMAGE"},{"text":"https:\/\/img.3cat.cat\/multimedia\/jpg\/2\/9\/1777106898092.jpg","mida":"1024x576","titol":"ca5e4cdeffd544cd54f10d54829df5a29a809208w","rel_name":"IMAGE"},{"text":"https:\/\/img.3cat.cat\/multimedia\/jpg\/7\/2\/1777106848327.jpg","mida":"670x378","titol":"39d440a7657a56ffdf9031568ff19dd88e81c554w","rel_name":"IMAGE"},{"text":"https:\/\/img.3cat.cat\/multimedia\/jpg\/9\/7\/1777106848279.jpg","mida":"326x184","titol":"39d440a7657a56ffdf9031568ff19dd88e81c554w","rel_name":"IMAGE"},{"text":"https:\/\/img.3cat.cat\/multimedia\/jpg\/6\/2\/1777106848426.jpg","mida":"1024x576","titol":"39d440a7657a56ffdf9031568ff19dd88e81c554w","rel_name":"IMAGE"}]},{"entradeta":"Si el Bar\u00e7a guanya a Getafe i Pamplona, el Madrid necessitaria v\u00e8ncer l'Espanyol per no arribar al cl\u00e0ssic amb la Lliga perduda","permatitle":"El dilema del Madrid: passad\u00eds o b\u00e9 derrota i t\u00edtol culer en el Cl\u00e0ssic?","avantitol":"Futbol","tipologia":"NOT_NOTICIA","tematiques":[{"id":"PUE3_FUTBOL","idint":"50426","desc":"Futbol","main":false},{"id":"PUE3_FUT1","idint":"50427","desc":"Futbol - 1a divisi\u00f3","main":true}],"mediadestacat":"1","id":3406362,"data_modificacio":"25\/04\/2026 10:32:11","titol":"El dilema del Madrid: passad\u00eds o b\u00e9 derrota i t\u00edtol culer en el cl\u00e0ssic?","data_publicacio":"25\/04\/2026 10:00:23","domini":"PUE3","imatges":[{"text":"https:\/\/img.3cat.cat\/multimedia\/jpg\/9\/9\/1777103315099.jpg","mida":"670x378","titol":"f60ab76fd67bc3e58120d734a727197e798c8795w","rel_name":"IMAGE"},{"text":"https:\/\/img.3cat.cat\/multimedia\/jpg\/9\/4\/1777103315049.jpg","mida":"326x184","titol":"f60ab76fd67bc3e58120d734a727197e798c8795w","rel_name":"IMAGE"},{"text":"https:\/\/img.3cat.cat\/multimedia\/jpg\/1\/0\/1777103315201.jpg","mida":"1024x576","titol":"f60ab76fd67bc3e58120d734a727197e798c8795w","rel_name":"IMAGE"},{"text":"https:\/\/img.3cat.cat\/multimedia\/jpg\/3\/4\/1777103501443.jpg","mida":"670x378","titol":"cda4656b849c3d92393cf6bb85d30cab3a5240bcw","rel_name":"IMAGE"},{"text":"https:\/\/img.3cat.cat\/multimedia\/jpg\/1\/9\/1777103501391.jpg","mida":"326x184","titol":"cda4656b849c3d92393cf6bb85d30cab3a5240bcw","rel_name":"IMAGE"},{"text":"https:\/\/img.3cat.cat\/multimedia\/jpg\/4\/4\/1777103501544.jpg","mida":"1024x576","titol":"cda4656b849c3d92393cf6bb85d30cab3a5240bcw","rel_name":"IMAGE"},{"text":"https:\/\/img.3cat.cat\/multimedia\/jpg\/9\/5\/1777103882459.jpg","mida":"670x378","titol":"b9daf7d4575bee04085ee5a9f0bf23f47c75f095w","rel_name":"IMAGE"},{"text":"https:\/\/img.3cat.cat\/multimedia\/jpg\/7\/0\/1777103882407.jpg","mida":"326x184","titol":"b9daf7d4575bee04085ee5a9f0bf23f47c75f095w","rel_name":"IMAGE"},{"text":"https:\/\/img.3cat.cat\/multimedia\/jpg\/2\/7\/1777103882572.jpg","mida":"1024x576","titol":"b9daf7d4575bee04085ee5a9f0bf23f47c75f095w","rel_name":"IMAGE"}]},{"entradeta":"Carvajal, Ceballos, Mbapp\u00e9 o Bellingham, descontents amb l'entrenador blanc","permatitle":"El vestidor del Madrid, un polvor\u00ed des de l'arribada d'Arbeloa","avantitol":"Futbol","tipologia":"NOT_NOTICIA","tematiques":[{"id":"PUE3_FUT1","idint":"50427","desc":"Futbol - 1a divisi\u00f3","main":true}],"mediadestacat":"1","id":3406360,"data_modificacio":"25\/04\/2026 11:03:36","titol":"El vestidor del Madrid, un polvor\u00ed des de l'arribada d'Arbeloa","data_publicacio":"25\/04\/2026 09:14:39","domini":"PUE3","imatges":[{"text":"https:\/\/img.3cat.cat\/multimedia\/jpg\/7\/1\/1777100528617.jpg","mida":"670x378","titol":"EuropaPress_7469851_alvaro_arbeloa_head_coach_of_real_madrid_gestures_during_the_spanish_league","rel_name":"IMAGE"},{"text":"https:\/\/img.3cat.cat\/multimedia\/jpg\/7\/5\/1777100528557.jpg","mida":"326x184","titol":"EuropaPress_7469851_alvaro_arbeloa_head_coach_of_real_madrid_gestures_during_the_spanish_league","rel_name":"IMAGE"},{"text":"https:\/\/img.3cat.cat\/multimedia\/jpg\/6\/3\/1777100528736.jpg","mida":"1024x576","titol":"EuropaPress_7469851_alvaro_arbeloa_head_coach_of_real_madrid_gestures_during_the_spanish_league","rel_name":"IMAGE"},{"text":"https:\/\/img.3cat.cat\/multimedia\/jpg\/6\/8\/1777098174986.jpg","mida":"670x378","titol":"1e8adbd83029e7e7486a2265c025f4eb0ff7e233w","rel_name":"IMAGE"},{"text":"https:\/\/img.3cat.cat\/multimedia\/jpg\/7\/3\/1777098174937.jpg","mida":"326x184","titol":"1e8adbd83029e7e7486a2265c025f4eb0ff7e233w","rel_name":"IMAGE"},{"text":"https:\/\/img.3cat.cat\/multimedia\/jpg\/4\/8\/1777098175084.jpg","mida":"1024x576","titol":"1e8adbd83029e7e7486a2265c025f4eb0ff7e233w","rel_name":"IMAGE"},{"text":"https:\/\/img.3cat.cat\/multimedia\/jpg\/1\/8\/1777098384681.jpg","mida":"670x378","titol":"c29c55e7d53d4b64e11bdf66b4ff61816cd8a7a3w","rel_name":"IMAGE"},{"text":"https:\/\/img.3cat.cat\/multimedia\/jpg\/2\/3\/1777098384632.jpg","mida":"326x184","titol":"c29c55e7d53d4b64e11bdf66b4ff61816cd8a7a3w","rel_name":"IMAGE"},{"text":"https:\/\/img.3cat.cat\/multimedia\/jpg\/1\/8\/1777098384781.jpg","mida":"1024x576","titol":"c29c55e7d53d4b64e11bdf66b4ff61816cd8a7a3w","rel_name":"IMAGE"},{"text":"https:\/\/img.3cat.cat\/multimedia\/jpg\/4\/0\/1777099506704.jpg","mida":"670x378","titol":"EuropaPress_7469846_kylian_mbappe_of_real_madrid_gestures_during_the_spanish_league_laliga_ea","rel_name":"IMAGE"},{"text":"https:\/\/img.3cat.cat\/multimedia\/jpg\/8\/9\/1777099504998.jpg","mida":"326x184","titol":"EuropaPress_7469846_kylian_mbappe_of_real_madrid_gestures_during_the_spanish_league_laliga_ea","rel_name":"IMAGE"},{"text":"https:\/\/img.3cat.cat\/multimedia\/jpg\/5\/2\/1777099506825.jpg","mida":"1024x576","titol":"EuropaPress_7469846_kylian_mbappe_of_real_madrid_gestures_during_the_spanish_league_laliga_ea","rel_name":"IMAGE"},{"text":"https:\/\/img.3cat.cat\/multimedia\/jpg\/9\/6\/1777099683669.jpg","mida":"670x378","titol":"EuropaPress_7459812_dani_ceballos_and_daniel_carvajal_of_real_madrid_cf_look_on_during_the","rel_name":"IMAGE"},{"text":"https:\/\/img.3cat.cat\/multimedia\/jpg\/6\/1\/1777099683616.jpg","mida":"326x184","titol":"EuropaPress_7459812_dani_ceballos_and_daniel_carvajal_of_real_madrid_cf_look_on_during_the","rel_name":"IMAGE"},{"text":"https:\/\/img.3cat.cat\/multimedia\/jpg\/3\/8\/1777099683783.jpg","mida":"1024x576","titol":"EuropaPress_7459812_dani_ceballos_and_daniel_carvajal_of_real_madrid_cf_look_on_during_the","rel_name":"IMAGE"}]},{"entradeta":"Els blancs tornen a punxar gr\u00e0cies a una diana de l'exblaugrana en l'\u00faltim minut del temps afegit. El gol ha fet just\u00edcia a un altre mal partit dels d'\u00c1lvaro Arbeloa","permatitle":"EN DIRECTE | Reial Betis-Reial Madrid: els blancs se la juguen a La Cartuja","avantitol":"Futbol","tipologia":"NOT_NOTICIA","tematiques":[{"id":"PUE3","idint":"50420","desc":"Esports","main":false},{"id":"PUE3_FUTBOL","idint":"50426","desc":"Futbol","main":false},{"id":"PUE3_FUT1","idint":"50427","desc":"Futbol - 1a divisi\u00f3","main":true},{"id":"PUACTUALITAT","idint":"50482","desc":"Actualitat","main":false}],"tags":[{"id":"RMADRID","idint":"52431","desc":"Reial Madrid","main":true}],"agrupacions":[{"id":"PUAGR_APPNOT","idint":"52025","desc":"Destacat APP Not\u00edcies","main":true},{"id":"SEOMDP","idint":"56449","desc":"SEO-mdp","main":false},{"id":"AGR_CINCMIN","idint":"56513","desc":"En 3 minuts","main":false}],"mediadestacat":"1","videos":[{"id":"6400451","domini":"SENSE","tipologia":"DTY_VIDEO_MM","titol":"Resum del Betis-Reial Madrid (1-1) \/ Lliga \/ J32","imatges":[{"text":"https:\/\/img.3cat.cat\/multimedia\/png\/8\/7\/1777066997678.png","mida":"1014x570","titol":"Ruth horitzontals - 2026-04-24T234303.115","rel_name":"KEYVIDEO"},{"text":"https:\/\/img.3cat.cat\/multimedia\/png\/1\/7\/1777066997071.png","mida":"120x68","titol":"Ruth horitzontals - 2026-04-24T234303.115","rel_name":"KEYVIDEO"},{"text":"https:\/\/img.3cat.cat\/multimedia\/png\/6\/6\/1777066997166.png","mida":"200x113","titol":"Ruth horitzontals - 2026-04-24T234303.115","rel_name":"KEYVIDEO"},{"text":"https:\/\/img.3cat.cat\/multimedia\/png\/0\/6\/1777066997260.png","mida":"320x180","titol":"Ruth horitzontals - 2026-04-24T234303.115","rel_name":"KEYVIDEO"},{"text":"https:\/\/img.3cat.cat\/multimedia\/png\/0\/6\/1777066997360.png","mida":"326x184","titol":"Ruth horitzontals - 2026-04-24T234303.115","rel_name":"KEYVIDEO"},{"text":"https:\/\/img.3cat.cat\/multimedia\/png\/1\/6\/1777066997461.png","mida":"426x240","titol":"Ruth horitzontals - 2026-04-24T234303.115","rel_name":"KEYVIDEO"},{"text":"https:\/\/img.3cat.cat\/multimedia\/png\/8\/6\/1777066997568.png","mida":"670x378","titol":"Ruth horitzontals - 2026-04-24T234303.115","rel_name":"KEYVIDEO"}]}],"id":3406073,"data_modificacio":"24\/04\/2026 23:47:46","titol":"Un gol de Beller\u00edn en el temps afegit despulla el Madrid a la Cartuja (1-1)","data_publicacio":"24\/04\/2026 22:42:10","domini":"PUE3","imatges":[{"text":"https:\/\/img.3cat.cat\/multimedia\/png\/8\/1\/1777065118118.png","mida":"670x378","titol":"Un gol de Beller\u00edn en el temps afegit despulla el Madrid a la Cartuja (1-1)","rel_name":"IMAGE"},{"text":"https:\/\/img.3cat.cat\/multimedia\/png\/6\/6\/1777065118066.png","mida":"326x184","titol":"Un gol de Beller\u00edn en el temps afegit despulla el Madrid a la Cartuja (1-1)","rel_name":"IMAGE"},{"text":"https:\/\/img.3cat.cat\/multimedia\/png\/1\/4\/1777065118241.png","mida":"1024x576","titol":"Un gol de Beller\u00edn en el temps afegit despulla el Madrid a la Cartuja (1-1)","rel_name":"IMAGE"},{"text":"https:\/\/img.3cat.cat\/multimedia\/png\/8\/4\/1777058482648.png","mida":"670x378","titol":"EN DIRECTE | Reial Betis - Reial Madrid: Vin\u00edcius avan\u00e7a els blancs (0-1)","rel_name":"IMAGE"},{"text":"https:\/\/img.3cat.cat\/multimedia\/png\/3\/7\/1777058482573.png","mida":"326x184","titol":"EN DIRECTE | Reial Betis - Reial Madrid: Vin\u00edcius avan\u00e7a els blancs (0-1)","rel_name":"IMAGE"},{"text":"https:\/\/img.3cat.cat\/multimedia\/png\/7\/2\/1777058482827.png","mida":"1024x576","titol":"EN DIRECTE | Reial Betis - Reial Madrid: Vin\u00edcius avan\u00e7a els blancs (0-1)","rel_name":"IMAGE"}]},{"entradeta":"Una primera part nefasta en defensa condemna els blaugranes, que es queden sense disputar el play-off contra l'Olympiacos ","permatitle":"EN DIRECTE | M\u00f2naco-Bar\u00e7a: el bitllet cap al play-off de l'Eurolliga, en joc","avantitol":"Eurolliga","tipologia":"NOT_NOTICIA","tematiques":[{"id":"PUE3","idint":"50420","desc":"Esports","main":false},{"id":"PUE3_BASQUET","idint":"50429","desc":"B\u00e0squet","main":false},{"id":"PUE3_BASQEUR","idint":"50430","desc":"B\u00e0squet - Eurolliga","main":true},{"id":"PUACTUALITAT","idint":"50482","desc":"Actualitat","main":false}],"agrupacions":[{"id":"PUAGR_APPNOT","idint":"52025","desc":"Destacat APP Not\u00edcies","main":true},{"id":"SEOMDP","idint":"56449","desc":"SEO-mdp","main":false},{"id":"AGR_CINCMIN","idint":"56513","desc":"En 3 minuts","main":false}],"mediadestacat":"1","id":3406017,"data_modificacio":"24\/04\/2026 22:00:02","titol":"El Bar\u00e7a diu adeu a l'Eurolliga a M\u00f2naco (79-70)","data_publicacio":"24\/04\/2026 21:40:47","domini":"PUE3","imatges":[{"text":"https:\/\/img.3cat.cat\/multimedia\/png\/1\/5\/1777054367251.png","mida":"670x378","titol":"EN DIRECTE | M\u00f2naco - Bar\u00e7a: el bitllet cap al play-off de l'Eurolliga, en joc","rel_name":"IMAGE"},{"text":"https:\/\/img.3cat.cat\/multimedia\/png\/0\/9\/1777054367190.png","mida":"326x184","titol":"EN DIRECTE | M\u00f2naco - Bar\u00e7a: el bitllet cap al play-off de l'Eurolliga, en joc","rel_name":"IMAGE"},{"text":"https:\/\/img.3cat.cat\/multimedia\/png\/8\/9\/1777054367398.png","mida":"1024x576","titol":"EN DIRECTE | M\u00f2naco - Bar\u00e7a: el bitllet cap al play-off de l'Eurolliga, en joc","rel_name":"IMAGE"},{"text":"https:\/\/img.3cat.cat\/multimedia\/jpg\/8\/6\/1775852701268.jpg","mida":"670x378","alt":"Kevin Punter en una jugada del partit contra el M\u00f2naco","titol":"M\u00f2naco-Bar\u00e7a: el bitllet cap al play-off de l'Eurolliga, en joc","rel_name":"IMAGE"},{"text":"https:\/\/img.3cat.cat\/multimedia\/jpg\/5\/0\/1775852701205.jpg","mida":"326x184","alt":"Kevin Punter en una jugada del partit contra el M\u00f2naco","titol":"M\u00f2naco-Bar\u00e7a: el bitllet cap al play-off de l'Eurolliga, en joc","rel_name":"IMAGE"},{"text":"https:\/\/img.3cat.cat\/multimedia\/jpg\/4\/1\/1775852701414.jpg","mida":"1024x576","alt":"Kevin Punter en una jugada del partit contra el M\u00f2naco","titol":"M\u00f2naco-Bar\u00e7a: el bitllet cap al play-off de l'Eurolliga, en joc","rel_name":"IMAGE"}]},{"entradeta":"El tenista murci\u00e0 ha anunciat que no podr\u00e0 disputar ni el Masters 1000 itali\u00e0 ni el Grand Slam parisenc per culpa de la lesi\u00f3 al canell dret que es va fer a Barcelona","permatitle":"Alcaraz comunica que ha de renunciar tamb\u00e9 als tornejos de Roma i Roland Garros","avantitol":"Tenis","tipologia":"NOT_NOTICIA","tematiques":[{"id":"PUE3_TENIS","idint":"50435","desc":"Tenis","main":true},{"id":"PUACTUALITAT","idint":"50482","desc":"Actualitat","main":false}],"agrupacions":[{"id":"PUAGR_APPNOT","idint":"52025","desc":"Destacat APP Not\u00edcies","main":true},{"id":"AGR_CINCMIN","idint":"56513","desc":"En 3 minuts","main":false}],"mediadestacat":"1","id":3406324,"data_modificacio":"24\/04\/2026 19:00:57","titol":"Alcaraz comunica que ha de renunciar tamb\u00e9 als tornejos de Roma i Roland Garros","data_publicacio":"24\/04\/2026 18:10:07","domini":"PUE3","imatges":[{"text":"https:\/\/img.3cat.cat\/multimedia\/png\/0\/0\/1777046592100.png","mida":"670x378","titol":"Alcaraz comunica que ha de renunciar tamb\u00e9 als tornejos de Roma i Roland Garros","rel_name":"IMAGE"},{"text":"https:\/\/img.3cat.cat\/multimedia\/png\/5\/4\/1777046592045.png","mida":"326x184","titol":"Alcaraz comunica que ha de renunciar tamb\u00e9 als tornejos de Roma i Roland Garros","rel_name":"IMAGE"},{"text":"https:\/\/img.3cat.cat\/multimedia\/png\/5\/3\/1777046592235.png","mida":"1024x576","titol":"Alcaraz comunica que ha de renunciar tamb\u00e9 als tornejos de Roma i Roland Garros","rel_name":"IMAGE"}]},{"entradeta":"El m\u00e0xim organisme del futbol europeu ha donat a con\u00e8ixer els partits de sanci\u00f3 al futbolista argent\u00ed","permatitle":"La UEFA fa oficial la sanci\u00f3 a Prestianni pels insults hom\u00f2fobs a Vin\u00edcius","avantitol":"Futbol","tipologia":"NOT_NOTICIA","titol_portada":"Sanci\u00f3 oficial a Prestianni per insults hom\u00f2fobs a Vin\u00edcius","tematiques":[{"id":"PUE3_FUTBOL","idint":"50426","desc":"Futbol","main":true},{"id":"PUACTUALITAT","idint":"50482","desc":"Actualitat","main":false}],"agrupacions":[{"id":"PUAGR_APPNOT","idint":"52025","desc":"Destacat APP Not\u00edcies","main":true},{"id":"AGR_CINCMIN","idint":"56513","desc":"En 3 minuts","main":false}],"mediadestacat":"1","id":3406289,"data_modificacio":"24\/04\/2026 17:42:06","titol":"La UEFA fa oficial la sanci\u00f3 a Prestianni pels insults hom\u00f2fobs a Vin\u00edcius","data_publicacio":"24\/04\/2026 17:34:42","domini":"PUE3","imatges":[{"text":"https:\/\/img.3cat.cat\/multimedia\/png\/9\/9\/1777044181899.png","mida":"670x378","alt":"Prestianni i Vin\u00edcius en el moment de l'insult de l'argent\u00ed","titol":"La UEFA fa oficial la sanci\u00f3 a Prestianni pels insults hom\u00f2fobs a Vin\u00edcius","rel_name":"IMAGE"},{"text":"https:\/\/img.3cat.cat\/multimedia\/png\/4\/3\/1777044181834.png","mida":"326x184","alt":"Prestianni i Vin\u00edcius en el moment de l'insult de l'argent\u00ed","titol":"La UEFA fa oficial la sanci\u00f3 a Prestianni pels insults hom\u00f2fobs a Vin\u00edcius","rel_name":"IMAGE"},{"text":"https:\/\/img.3cat.cat\/multimedia\/png\/0\/4\/1777044182040.png","mida":"1024x576","alt":"Prestianni i Vin\u00edcius en el moment de l'insult de l'argent\u00ed","titol":"La UEFA fa oficial la sanci\u00f3 a Prestianni pels insults hom\u00f2fobs a Vin\u00edcius","rel_name":"IMAGE"}]}]},"paginacio":{"total_items":25,"items_pagina":2000,"pagina_actual":1,"total_pagines":1}}}